{"id":2825,"date":"2018-10-03T13:50:18","date_gmt":"2018-10-03T16:50:18","guid":{"rendered":"http:\/\/csrio.usuarios.rdc.puc-rio.br\/?p=2825"},"modified":"2018-10-03T13:53:22","modified_gmt":"2018-10-03T16:53:22","slug":"mudancas-nos-servicos-ecossistemicos-disponiveis-apos-alteracoes-no-uso-e-cobertura-daterra-o-caso-vale-rio-paraiba-sul","status":"publish","type":"post","link":"http:\/\/csrio.usuarios.rdc.puc-rio.br\/en\/publicacoes\/mudancas-nos-servicos-ecossistemicos-disponiveis-apos-alteracoes-no-uso-e-cobertura-daterra-o-caso-vale-rio-paraiba-sul\/","title":{"rendered":"Ecosystem services availability after changes in the land use and vegetation coverage: the case of Para\u00edba do Sul river valley"},"content":{"rendered":"<p>Agnieszka Latawiec and Aline Rodrigues are the authors of the chapter &#8220;Ecosystem services availability after changes in the land use and vegetation coverage: the case of Para\u00edba do Sul river valley&#8221;, from the book Geography of coffee in the Para\u00edba do Sul River Valley. The work presents reflections, studies and proposals for revitalization and sustainability for the Para\u00edba valley region, traversing the history of the coffee passage through the Para\u00edba River Valley and showing both the geographic and historical environmental view as well as the ecological and social costs incurred in the period.<\/p>","protected":false},"excerpt":{"rendered":"<p>Agnieszka Latawiec and Aline Rodrigues are the authors of the chapter &#8220;Ecosystem services availability after changes in the land use and vegetation coverage: the case of Para\u00edba do Sul river valley&#8221;, from the book Geography of coffee in the Para\u00edba do Sul River Valley. The work presents reflections, studies and proposals for revitalization and sustainability for the Para\u00edba valley region, traversing the history of the coffee passage through the Para\u00edba River Valley and showing both the geographic and historical environmental view as well as the ecological and social costs incurred in the period.<\/p>\n","protected":false},"author":10,"featured_media":2823,"comment_status":"open","ping_status":"open","sticky":false,"template":"","format":"standard","meta":{"footnotes":""},"categories":[131],"tags":[],"acf":[],"yoast_head":"<!-- This site is optimized with the Yoast SEO plugin v21.1 - https:\/\/yoast.com\/wordpress\/plugins\/seo\/ -->\n<title>Ecosystem services availability after changes in the land use and vegetation coverage: the case of Para\u00edba do Sul river valley | CSRio<\/title>\n<meta name=\"description\" content=\"Agnieszka Latawiec e Aline Rodrigues s\u00e3o autoras do cap\u00edtulo &quot;Mudan\u00e7as nos servi\u00e7os ecossist\u00eamicos dispon\u00edveis ap\u00f3s altera\u00e7\u00f5es no uso e cobertura daterra:\" \/>\n<meta name=\"robots\" content=\"index, follow, max-snippet:-1, max-image-preview:large, max-video-preview:-1\" \/>\n<link rel=\"canonical\" href=\"http:\/\/csrio.usuarios.rdc.puc-rio.br\/en\/publicacoes\/mudancas-nos-servicos-ecossistemicos-disponiveis-apos-alteracoes-no-uso-e-cobertura-daterra-o-caso-vale-rio-paraiba-sul\/\" \/>\n<meta property=\"og:locale\" content=\"en_US\" \/>\n<meta property=\"og:type\" content=\"article\" \/>\n<meta property=\"og:title\" content=\"Ecosystem services availability after changes in the land use and vegetation coverage: the case of Para\u00edba do Sul river valley | CSRio\" \/>\n<meta property=\"og:description\" content=\"Agnieszka Latawiec e Aline Rodrigues s\u00e3o autoras do cap\u00edtulo &quot;Mudan\u00e7as nos servi\u00e7os ecossist\u00eamicos dispon\u00edveis ap\u00f3s altera\u00e7\u00f5es no uso e cobertura daterra:\" \/>\n<meta property=\"og:url\" content=\"http:\/\/csrio.usuarios.rdc.puc-rio.br\/en\/publicacoes\/mudancas-nos-servicos-ecossistemicos-disponiveis-apos-alteracoes-no-uso-e-cobertura-daterra-o-caso-vale-rio-paraiba-sul\/\" \/>\n<meta property=\"og:site_name\" content=\"CSRio\" \/>\n<meta property=\"article:published_time\" content=\"2018-10-03T16:50:18+00:00\" \/>\n<meta property=\"article:modified_time\" content=\"2018-10-03T16:53:22+00:00\" \/>\n<meta property=\"og:image\" content=\"http:\/\/csrio.usuarios.rdc.puc-rio.br\/wp-content\/uploads\/2018\/09\/28-09-Capa-livro-caf\u00e9.png\" \/>\n\t<meta property=\"og:image:width\" content=\"269\" \/>\n\t<meta property=\"og:image:height\" content=\"399\" \/>\n\t<meta property=\"og:image:type\" content=\"image\/png\" \/>\n<meta name=\"author\" content=\"Ana Castro\" \/>\n<meta name=\"twitter:card\" content=\"summary_large_image\" \/>\n<meta name=\"twitter:label1\" content=\"Written by\" \/>\n\t<meta name=\"twitter:data1\" content=\"Ana Castro\" \/>\n\t<meta name=\"twitter:label2\" content=\"Est. reading time\" \/>\n\t<meta name=\"twitter:data2\" content=\"1 minute\" \/>\n<script type=\"application\/ld+json\" class=\"yoast-schema-graph\">{\"@context\":\"https:\/\/schema.org\",\"@graph\":[{\"@type\":\"Article\",\"@id\":\"http:\/\/csrio.usuarios.rdc.puc-rio.br\/en\/publicacoes\/mudancas-nos-servicos-ecossistemicos-disponiveis-apos-alteracoes-no-uso-e-cobertura-daterra-o-caso-vale-rio-paraiba-sul\/#article\",\"isPartOf\":{\"@id\":\"http:\/\/csrio.usuarios.rdc.puc-rio.br\/en\/publicacoes\/mudancas-nos-servicos-ecossistemicos-disponiveis-apos-alteracoes-no-uso-e-cobertura-daterra-o-caso-vale-rio-paraiba-sul\/\"},\"author\":{\"name\":\"Ana Castro\",\"@id\":\"http:\/\/csrio.usuarios.rdc.puc-rio.br\/#\/schema\/person\/950153b3cdd667008df8275b54b1274e\"},\"headline\":\"Ecosystem services availability after changes in the land use and vegetation coverage: the case of Para\u00edba do Sul river valley\",\"datePublished\":\"2018-10-03T16:50:18+00:00\",\"dateModified\":\"2018-10-03T16:53:22+00:00\",\"mainEntityOfPage\":{\"@id\":\"http:\/\/csrio.usuarios.rdc.puc-rio.br\/en\/publicacoes\/mudancas-nos-servicos-ecossistemicos-disponiveis-apos-alteracoes-no-uso-e-cobertura-daterra-o-caso-vale-rio-paraiba-sul\/\"},\"wordCount\":264,\"commentCount\":0,\"publisher\":{\"@id\":\"http:\/\/csrio.usuarios.rdc.puc-rio.br\/#organization\"},\"articleSection\":[\"Publications\"],\"inLanguage\":\"en-US\",\"potentialAction\":[{\"@type\":\"CommentAction\",\"name\":\"Comment\",\"target\":[\"http:\/\/csrio.usuarios.rdc.puc-rio.br\/en\/publicacoes\/mudancas-nos-servicos-ecossistemicos-disponiveis-apos-alteracoes-no-uso-e-cobertura-daterra-o-caso-vale-rio-paraiba-sul\/#respond\"]}]},{\"@type\":\"WebPage\",\"@id\":\"http:\/\/csrio.usuarios.rdc.puc-rio.br\/en\/publicacoes\/mudancas-nos-servicos-ecossistemicos-disponiveis-apos-alteracoes-no-uso-e-cobertura-daterra-o-caso-vale-rio-paraiba-sul\/\",\"url\":\"http:\/\/csrio.usuarios.rdc.puc-rio.br\/en\/publicacoes\/mudancas-nos-servicos-ecossistemicos-disponiveis-apos-alteracoes-no-uso-e-cobertura-daterra-o-caso-vale-rio-paraiba-sul\/\",\"name\":\"Ecosystem services availability after changes in the land use and vegetation coverage: the case of Para\u00edba do Sul river valley | CSRio\",\"isPartOf\":{\"@id\":\"http:\/\/csrio.usuarios.rdc.puc-rio.br\/en\/#website\"},\"datePublished\":\"2018-10-03T16:50:18+00:00\",\"dateModified\":\"2018-10-03T16:53:22+00:00\",\"description\":\"Agnieszka Latawiec e Aline Rodrigues s\u00e3o autoras do cap\u00edtulo \\\"Mudan\u00e7as nos servi\u00e7os ecossist\u00eamicos dispon\u00edveis ap\u00f3s altera\u00e7\u00f5es no uso e cobertura daterra:\",\"breadcrumb\":{\"@id\":\"http:\/\/csrio.usuarios.rdc.puc-rio.br\/en\/publicacoes\/mudancas-nos-servicos-ecossistemicos-disponiveis-apos-alteracoes-no-uso-e-cobertura-daterra-o-caso-vale-rio-paraiba-sul\/#breadcrumb\"},\"inLanguage\":\"en-US\",\"potentialAction\":[{\"@type\":\"ReadAction\",\"target\":[[\"http:\/\/csrio.usuarios.rdc.puc-rio.br\/en\/publicacoes\/mudancas-nos-servicos-ecossistemicos-disponiveis-apos-alteracoes-no-uso-e-cobertura-daterra-o-caso-vale-rio-paraiba-sul\/\"]]}]},{\"@type\":\"BreadcrumbList\",\"@id\":\"http:\/\/csrio.usuarios.rdc.puc-rio.br\/en\/publicacoes\/mudancas-nos-servicos-ecossistemicos-disponiveis-apos-alteracoes-no-uso-e-cobertura-daterra-o-caso-vale-rio-paraiba-sul\/#breadcrumb\",\"itemListElement\":[{\"@type\":\"ListItem\",\"position\":1,\"name\":\"Home\",\"item\":\"http:\/\/csrio.usuarios.rdc.puc-rio.br\/en\/\"},{\"@type\":\"ListItem\",\"position\":2,\"name\":\"Ecosystem services availability after changes in the land use and vegetation coverage: the case of Para\u00edba do Sul river valley\"}]},{\"@type\":\"WebSite\",\"@id\":\"http:\/\/csrio.usuarios.rdc.puc-rio.br\/en\/#website\",\"url\":\"http:\/\/csrio.usuarios.rdc.puc-rio.br\/en\/\",\"name\":\"CSRio\",\"description\":\"O CSRio \u00e9 um centro de pesquisa em conserva\u00e7\u00e3o da biodiversidade e sustentabilidade, com os objetivos de desenvolver pesquisa de base e aplicada em ci\u00eancia.\",\"publisher\":{\"@id\":\"http:\/\/csrio.usuarios.rdc.puc-rio.br\/en\/#organization\"},\"potentialAction\":[{\"@type\":\"SearchAction\",\"target\":{\"@type\":\"EntryPoint\",\"urlTemplate\":\"http:\/\/csrio.usuarios.rdc.puc-rio.br\/en\/?s={search_term_string}\"},\"query-input\":\"required name=search_term_string\"}],\"inLanguage\":\"en-US\"},{\"@type\":\"Organization\",\"@id\":\"http:\/\/csrio.usuarios.rdc.puc-rio.br\/en\/#organization\",\"name\":\"CSRio\",\"url\":\"http:\/\/csrio.usuarios.rdc.puc-rio.br\/en\/\",\"logo\":{\"@type\":\"ImageObject\",\"inLanguage\":\"en-US\",\"@id\":\"http:\/\/csrio.usuarios.rdc.puc-rio.br\/en\/#\/schema\/logo\/image\/\",\"url\":\"http:\/\/csrio.usuarios.rdc.puc-rio.br\/wp-content\/uploads\/2017\/03\/CSRio_Logo3.jpg\",\"contentUrl\":\"http:\/\/csrio.usuarios.rdc.puc-rio.br\/wp-content\/uploads\/2017\/03\/CSRio_Logo3.jpg\",\"width\":1600,\"height\":1200,\"caption\":\"CSRio\"},\"image\":{\"@id\":\"http:\/\/csrio.usuarios.rdc.puc-rio.br\/en\/#\/schema\/logo\/image\/\"}},{\"@type\":\"Person\",\"@id\":\"http:\/\/csrio.usuarios.rdc.puc-rio.br\/#\/schema\/person\/950153b3cdd667008df8275b54b1274e\",\"name\":\"Ana Castro\",\"url\":\"http:\/\/csrio.usuarios.rdc.puc-rio.br\/en\/author\/ana-castro\/\"}]}<\/script>\n<!-- \/ Yoast SEO plugin. -->","yoast_head_json":{"title":"Ecosystem services availability after changes in the land use and vegetation coverage: the case of Para\u00edba do Sul river valley | CSRio","description":"Agnieszka Latawiec e Aline Rodrigues s\u00e3o autoras do cap\u00edtulo \"Mudan\u00e7as nos servi\u00e7os ecossist\u00eamicos dispon\u00edveis ap\u00f3s altera\u00e7\u00f5es no uso e cobertura daterra:","robots":{"index":"index","follow":"follow","max-snippet":"max-snippet:-1","max-image-preview":"max-image-preview:large","max-video-preview":"max-video-preview:-1"},"canonical":"http:\/\/csrio.usuarios.rdc.puc-rio.br\/en\/publicacoes\/mudancas-nos-servicos-ecossistemicos-disponiveis-apos-alteracoes-no-uso-e-cobertura-daterra-o-caso-vale-rio-paraiba-sul\/","og_locale":"en_US","og_type":"article","og_title":"Ecosystem services availability after changes in the land use and vegetation coverage: the case of Para\u00edba do Sul river valley | CSRio","og_description":"Agnieszka Latawiec e Aline Rodrigues s\u00e3o autoras do cap\u00edtulo \"Mudan\u00e7as nos servi\u00e7os ecossist\u00eamicos dispon\u00edveis ap\u00f3s altera\u00e7\u00f5es no uso e cobertura daterra:","og_url":"http:\/\/csrio.usuarios.rdc.puc-rio.br\/en\/publicacoes\/mudancas-nos-servicos-ecossistemicos-disponiveis-apos-alteracoes-no-uso-e-cobertura-daterra-o-caso-vale-rio-paraiba-sul\/","og_site_name":"CSRio","article_published_time":"2018-10-03T16:50:18+00:00","article_modified_time":"2018-10-03T16:53:22+00:00","og_image":[{"width":269,"height":399,"url":"http:\/\/csrio.usuarios.rdc.puc-rio.br\/wp-content\/uploads\/2018\/09\/28-09-Capa-livro-caf\u00e9.png","type":"image\/png"}],"author":"Ana Castro","twitter_card":"summary_large_image","twitter_misc":{"Written by":"Ana Castro","Est. reading time":"1 minute"},"schema":{"@context":"https:\/\/schema.org","@graph":[{"@type":"Article","@id":"http:\/\/csrio.usuarios.rdc.puc-rio.br\/en\/publicacoes\/mudancas-nos-servicos-ecossistemicos-disponiveis-apos-alteracoes-no-uso-e-cobertura-daterra-o-caso-vale-rio-paraiba-sul\/#article","isPartOf":{"@id":"http:\/\/csrio.usuarios.rdc.puc-rio.br\/en\/publicacoes\/mudancas-nos-servicos-ecossistemicos-disponiveis-apos-alteracoes-no-uso-e-cobertura-daterra-o-caso-vale-rio-paraiba-sul\/"},"author":{"name":"Ana Castro","@id":"http:\/\/csrio.usuarios.rdc.puc-rio.br\/#\/schema\/person\/950153b3cdd667008df8275b54b1274e"},"headline":"Ecosystem services availability after changes in the land use and vegetation coverage: the case of Para\u00edba do Sul river valley","datePublished":"2018-10-03T16:50:18+00:00","dateModified":"2018-10-03T16:53:22+00:00","mainEntityOfPage":{"@id":"http:\/\/csrio.usuarios.rdc.puc-rio.br\/en\/publicacoes\/mudancas-nos-servicos-ecossistemicos-disponiveis-apos-alteracoes-no-uso-e-cobertura-daterra-o-caso-vale-rio-paraiba-sul\/"},"wordCount":264,"commentCount":0,"publisher":{"@id":"http:\/\/csrio.usuarios.rdc.puc-rio.br\/#organization"},"articleSection":["Publications"],"inLanguage":"en-US","potentialAction":[{"@type":"CommentAction","name":"Comment","target":["http:\/\/csrio.usuarios.rdc.puc-rio.br\/en\/publicacoes\/mudancas-nos-servicos-ecossistemicos-disponiveis-apos-alteracoes-no-uso-e-cobertura-daterra-o-caso-vale-rio-paraiba-sul\/#respond"]}]},{"@type":"WebPage","@id":"http:\/\/csrio.usuarios.rdc.puc-rio.br\/en\/publicacoes\/mudancas-nos-servicos-ecossistemicos-disponiveis-apos-alteracoes-no-uso-e-cobertura-daterra-o-caso-vale-rio-paraiba-sul\/","url":"http:\/\/csrio.usuarios.rdc.puc-rio.br\/en\/publicacoes\/mudancas-nos-servicos-ecossistemicos-disponiveis-apos-alteracoes-no-uso-e-cobertura-daterra-o-caso-vale-rio-paraiba-sul\/","name":"Ecosystem services availability after changes in the land use and vegetation coverage: the case of Para\u00edba do Sul river valley | CSRio","isPartOf":{"@id":"http:\/\/csrio.usuarios.rdc.puc-rio.br\/en\/#website"},"datePublished":"2018-10-03T16:50:18+00:00","dateModified":"2018-10-03T16:53:22+00:00","description":"Agnieszka Latawiec e Aline Rodrigues s\u00e3o autoras do cap\u00edtulo \"Mudan\u00e7as nos servi\u00e7os ecossist\u00eamicos dispon\u00edveis ap\u00f3s altera\u00e7\u00f5es no uso e cobertura daterra:","breadcrumb":{"@id":"http:\/\/csrio.usuarios.rdc.puc-rio.br\/en\/publicacoes\/mudancas-nos-servicos-ecossistemicos-disponiveis-apos-alteracoes-no-uso-e-cobertura-daterra-o-caso-vale-rio-paraiba-sul\/#breadcrumb"},"inLanguage":"en-US","potentialAction":[{"@type":"ReadAction","target":[["http:\/\/csrio.usuarios.rdc.puc-rio.br\/en\/publicacoes\/mudancas-nos-servicos-ecossistemicos-disponiveis-apos-alteracoes-no-uso-e-cobertura-daterra-o-caso-vale-rio-paraiba-sul\/"]]}]},{"@type":"BreadcrumbList","@id":"http:\/\/csrio.usuarios.rdc.puc-rio.br\/en\/publicacoes\/mudancas-nos-servicos-ecossistemicos-disponiveis-apos-alteracoes-no-uso-e-cobertura-daterra-o-caso-vale-rio-paraiba-sul\/#breadcrumb","itemListElement":[{"@type":"ListItem","position":1,"name":"Home","item":"http:\/\/csrio.usuarios.rdc.puc-rio.br\/en\/"},{"@type":"ListItem","position":2,"name":"Ecosystem services availability after changes in the land use and vegetation coverage: the case of Para\u00edba do Sul river valley"}]},{"@type":"WebSite","@id":"http:\/\/csrio.usuarios.rdc.puc-rio.br\/en\/#website","url":"http:\/\/csrio.usuarios.rdc.puc-rio.br\/en\/","name":"CSRio","description":"O CSRio \u00e9 um centro de pesquisa em conserva\u00e7\u00e3o da biodiversidade e sustentabilidade, com os objetivos de desenvolver pesquisa de base e aplicada em ci\u00eancia.","publisher":{"@id":"http:\/\/csrio.usuarios.rdc.puc-rio.br\/en\/#organization"},"potentialAction":[{"@type":"SearchAction","target":{"@type":"EntryPoint","urlTemplate":"http:\/\/csrio.usuarios.rdc.puc-rio.br\/en\/?s={search_term_string}"},"query-input":"required name=search_term_string"}],"inLanguage":"en-US"},{"@type":"Organization","@id":"http:\/\/csrio.usuarios.rdc.puc-rio.br\/en\/#organization","name":"CSRio","url":"http:\/\/csrio.usuarios.rdc.puc-rio.br\/en\/","logo":{"@type":"ImageObject","inLanguage":"en-US","@id":"http:\/\/csrio.usuarios.rdc.puc-rio.br\/en\/#\/schema\/logo\/image\/","url":"http:\/\/csrio.usuarios.rdc.puc-rio.br\/wp-content\/uploads\/2017\/03\/CSRio_Logo3.jpg","contentUrl":"http:\/\/csrio.usuarios.rdc.puc-rio.br\/wp-content\/uploads\/2017\/03\/CSRio_Logo3.jpg","width":1600,"height":1200,"caption":"CSRio"},"image":{"@id":"http:\/\/csrio.usuarios.rdc.puc-rio.br\/en\/#\/schema\/logo\/image\/"}},{"@type":"Person","@id":"http:\/\/csrio.usuarios.rdc.puc-rio.br\/#\/schema\/person\/950153b3cdd667008df8275b54b1274e","name":"Ana Castro","url":"http:\/\/csrio.usuarios.rdc.puc-rio.br\/en\/author\/ana-castro\/"}]}},"_links":{"self":[{"href":"http:\/\/csrio.usuarios.rdc.puc-rio.br\/en\/wp-json\/wp\/v2\/posts\/2825"}],"collection":[{"href":"http:\/\/csrio.usuarios.rdc.puc-rio.br\/en\/wp-json\/wp\/v2\/posts"}],"about":[{"href":"http:\/\/csrio.usuarios.rdc.puc-rio.br\/en\/wp-json\/wp\/v2\/types\/post"}],"author":[{"embeddable":true,"href":"http:\/\/csrio.usuarios.rdc.puc-rio.br\/en\/wp-json\/wp\/v2\/users\/10"}],"replies":[{"embeddable":true,"href":"http:\/\/csrio.usuarios.rdc.puc-rio.br\/en\/wp-json\/wp\/v2\/comments?post=2825"}],"version-history":[{"count":2,"href":"http:\/\/csrio.usuarios.rdc.puc-rio.br\/en\/wp-json\/wp\/v2\/posts\/2825\/revisions"}],"predecessor-version":[{"id":2828,"href":"http:\/\/csrio.usuarios.rdc.puc-rio.br\/en\/wp-json\/wp\/v2\/posts\/2825\/revisions\/2828"}],"wp:featuredmedia":[{"embeddable":true,"href":"http:\/\/csrio.usuarios.rdc.puc-rio.br\/en\/wp-json\/wp\/v2\/media\/2823"}],"wp:attachment":[{"href":"http:\/\/csrio.usuarios.rdc.puc-rio.br\/en\/wp-json\/wp\/v2\/media?parent=2825"}],"wp:term":[{"taxonomy":"category","embeddable":true,"href":"http:\/\/csrio.usuarios.rdc.puc-rio.br\/en\/wp-json\/wp\/v2\/categories?post=2825"},{"taxonomy":"post_tag","embeddable":true,"href":"http:\/\/csrio.usuarios.rdc.puc-rio.br\/en\/wp-json\/wp\/v2\/tags?post=2825"}],"curies":[{"name":"wp","href":"https:\/\/api.w.org\/{rel}","templated":true}]}}