{"id":3033,"date":"2019-03-26T17:55:35","date_gmt":"2019-03-26T20:55:35","guid":{"rendered":"http:\/\/csrio.usuarios.rdc.puc-rio.br\/?p=3033"},"modified":"2019-03-26T17:55:35","modified_gmt":"2019-03-26T20:55:35","slug":"csrio-seminar-ecosystems-based-actions-transition-sustainability","status":"publish","type":"post","link":"http:\/\/csrio.usuarios.rdc.puc-rio.br\/en\/noticias\/csrio-seminar-ecosystems-based-actions-transition-sustainability\/","title":{"rendered":"CSRio Seminar: &#8220;Ecosystems-based actions and the transition to sustainability&#8221;"},"content":{"rendered":"<p>At the next CSRio Seminar, on 4th April, Tha\u00eds Kasecker, Superintendent of Climate Change at the State Secretariat for the Environment and Sustainability of Rio de Janeiro (SEAS), will present &#8220;Ecosystems-based actions and the transition to sustainability&#8221;, addressing how the use of biodiversity and ecosystems can reduce people&#8217;s vulnerability to climate change.<\/p>\n<p>Tha\u00eds Kasecker is the Superintendent of Climate Change at the State Secretariat for Environment and Sustainability of Rio de Janeiro (SEAS), conducting adaptation and mitigation agendas in the State. She is a biologist, master and presently a doctoral student in Ecology from the Federal University of Rio de Janeiro, with research project on Sustainable Development and Adaptation to Climate Change based on Ecosystems. She developed her career with activities related to Biodiversity Conservation (monitoring of biodiversity, implementation of Protected Areas, Priority Areas, promotion of training and research) and also with research in Landscape Ecology (conservation and land use planning), Climate Change, Sustainability and Conservation to subsidize the construction of public policies. She has worked in Conservation International-Brazil for more than 10 years, where she worked as a researcher on these themes, project manager and fundraiser.<\/p>\n<p>The event will take place from 4:00 p.m. to 7:00 p.m. and will be followed by a Happy Hour.<\/p>\n<p>Address: Auditorium Rio Data Center (RDC)<br \/>\nPUC-Rio. R. Marqu\u00eas de S\u00e3o Vicente, 225 &#8211; G\u00e1vea<\/p>\n<p>The meetings are open to the public, and the discussion followed by the presentation will be conducted in an open and participatory manner. A certificate will be issued to participants who request it.<\/p>\n<p><a href=\"https:\/\/www.facebook.com\/events\/328504014519007\/\">Confirme your attendance<\/a><\/p>\n<p>Questions and information: contato@csrio.usuarios.rdc.puc-rio.br<\/p>","protected":false},"excerpt":{"rendered":"<p>At the next CSRio Seminar, on 4th April, Tha\u00eds Kasecker, Superintendent of Climate Change at the State Secretariat for the Environment and Sustainability of Rio de Janeiro (SEAS), will present &#8220;Ecosystems-based actions and the transition to sustainability&#8221;, addressing how the use of biodiversity and ecosystems can reduce people&#8217;s vulnerability to climate change. Tha\u00eds Kasecker is the Superintendent of Climate Change at the State Secretariat for Environment and Sustainability of Rio de Janeiro (SEAS), conducting adaptation and mitigation agendas in the State. She is a biologist, master and presently a doctoral student in Ecology from the Federal University of Rio de Janeiro, with research project on Sustainable Development and Adaptation to Climate Change based on Ecosystems. She developed her career with activities related to Biodiversity Conservation (monitoring of biodiversity, implementation of Protected Areas, Priority Areas, promotion of training and research) and also with research in Landscape Ecology (conservation and land use planning), Climate Change, Sustainability and Conservation to subsidize the construction of public policies. She has worked in Conservation International-Brazil for more than 10 years, where she worked as a researcher on these themes, project manager and fundraiser. The event will take place from 4:00 p.m. to 7:00 p.m. and will be followed by a Happy Hour. Address: Auditorium Rio Data Center (RDC) PUC-Rio. R. Marqu\u00eas de S\u00e3o Vicente, 225 &#8211; G\u00e1vea The meetings are open to the public, and the discussion followed by the presentation will be conducted in an open and participatory manner. A certificate will be issued to participants who request it. Confirme your attendance Questions and information: contato@csrio.usuarios.rdc.puc-rio.br<\/p>\n","protected":false},"author":10,"featured_media":3034,"comment_status":"open","ping_status":"open","sticky":false,"template":"","format":"standard","meta":{"footnotes":""},"categories":[130],"tags":[],"acf":[],"yoast_head":"<!-- This site is optimized with the Yoast SEO plugin v21.1 - https:\/\/yoast.com\/wordpress\/plugins\/seo\/ -->\n<title>CSRio Seminar: &quot;Ecosystems-based actions and the transition to sustainability&quot; | CSRio<\/title>\n<meta name=\"description\" content=\"No Semin\u00e1rio CSRio que acontece no dia 04 de abril,\u00a0\u00a0Tha\u00eds Kasecker, Superintendente de Mudan\u00e7as Clim\u00e1ticas na Secretaria do Estado do Ambiente e\" \/>\n<meta name=\"robots\" content=\"index, follow, max-snippet:-1, max-image-preview:large, max-video-preview:-1\" \/>\n<link rel=\"canonical\" href=\"http:\/\/csrio.usuarios.rdc.puc-rio.br\/en\/noticias\/csrio-seminar-ecosystems-based-actions-transition-sustainability\/\" \/>\n<meta property=\"og:locale\" content=\"en_US\" \/>\n<meta property=\"og:type\" content=\"article\" \/>\n<meta property=\"og:title\" content=\"CSRio Seminar: &quot;Ecosystems-based actions and the transition to sustainability&quot; | CSRio\" \/>\n<meta property=\"og:description\" content=\"No Semin\u00e1rio CSRio que acontece no dia 04 de abril,\u00a0\u00a0Tha\u00eds Kasecker, Superintendente de Mudan\u00e7as Clim\u00e1ticas na Secretaria do Estado do Ambiente e\" \/>\n<meta property=\"og:url\" content=\"http:\/\/csrio.usuarios.rdc.puc-rio.br\/en\/noticias\/csrio-seminar-ecosystems-based-actions-transition-sustainability\/\" \/>\n<meta property=\"og:site_name\" content=\"CSRio\" \/>\n<meta property=\"article:published_time\" content=\"2019-03-26T20:55:35+00:00\" \/>\n<meta property=\"og:image\" content=\"http:\/\/csrio.usuarios.rdc.puc-rio.br\/wp-content\/uploads\/2019\/03\/quadrado-0404.png\" \/>\n\t<meta property=\"og:image:width\" content=\"300\" \/>\n\t<meta property=\"og:image:height\" content=\"300\" \/>\n\t<meta property=\"og:image:type\" content=\"image\/png\" \/>\n<meta name=\"author\" content=\"Ana Castro\" \/>\n<meta name=\"twitter:card\" content=\"summary_large_image\" \/>\n<meta name=\"twitter:label1\" content=\"Written by\" \/>\n\t<meta name=\"twitter:data1\" content=\"Ana Castro\" \/>\n\t<meta name=\"twitter:label2\" content=\"Est. reading time\" \/>\n\t<meta name=\"twitter:data2\" content=\"3 minutes\" \/>\n<script type=\"application\/ld+json\" class=\"yoast-schema-graph\">{\"@context\":\"https:\/\/schema.org\",\"@graph\":[{\"@type\":\"Article\",\"@id\":\"http:\/\/csrio.usuarios.rdc.puc-rio.br\/en\/noticias\/csrio-seminar-ecosystems-based-actions-transition-sustainability\/#article\",\"isPartOf\":{\"@id\":\"http:\/\/csrio.usuarios.rdc.puc-rio.br\/en\/noticias\/csrio-seminar-ecosystems-based-actions-transition-sustainability\/\"},\"author\":{\"name\":\"Ana Castro\",\"@id\":\"http:\/\/csrio.usuarios.rdc.puc-rio.br\/#\/schema\/person\/950153b3cdd667008df8275b54b1274e\"},\"headline\":\"CSRio Seminar: &#8220;Ecosystems-based actions and the transition to sustainability&#8221;\",\"datePublished\":\"2019-03-26T20:55:35+00:00\",\"dateModified\":\"2019-03-26T20:55:35+00:00\",\"mainEntityOfPage\":{\"@id\":\"http:\/\/csrio.usuarios.rdc.puc-rio.br\/en\/noticias\/csrio-seminar-ecosystems-based-actions-transition-sustainability\/\"},\"wordCount\":596,\"commentCount\":0,\"publisher\":{\"@id\":\"http:\/\/csrio.usuarios.rdc.puc-rio.br\/#organization\"},\"articleSection\":[\"News\"],\"inLanguage\":\"en-US\",\"potentialAction\":[{\"@type\":\"CommentAction\",\"name\":\"Comment\",\"target\":[\"http:\/\/csrio.usuarios.rdc.puc-rio.br\/en\/noticias\/csrio-seminar-ecosystems-based-actions-transition-sustainability\/#respond\"]}]},{\"@type\":\"WebPage\",\"@id\":\"http:\/\/csrio.usuarios.rdc.puc-rio.br\/en\/noticias\/csrio-seminar-ecosystems-based-actions-transition-sustainability\/\",\"url\":\"http:\/\/csrio.usuarios.rdc.puc-rio.br\/en\/noticias\/csrio-seminar-ecosystems-based-actions-transition-sustainability\/\",\"name\":\"CSRio Seminar: \\\"Ecosystems-based actions and the transition to sustainability\\\" | CSRio\",\"isPartOf\":{\"@id\":\"http:\/\/csrio.usuarios.rdc.puc-rio.br\/en\/#website\"},\"datePublished\":\"2019-03-26T20:55:35+00:00\",\"dateModified\":\"2019-03-26T20:55:35+00:00\",\"description\":\"No Semin\u00e1rio CSRio que acontece no dia 04 de abril,\u00a0\u00a0Tha\u00eds Kasecker, Superintendente de Mudan\u00e7as Clim\u00e1ticas na Secretaria do Estado do Ambiente e\",\"breadcrumb\":{\"@id\":\"http:\/\/csrio.usuarios.rdc.puc-rio.br\/en\/noticias\/csrio-seminar-ecosystems-based-actions-transition-sustainability\/#breadcrumb\"},\"inLanguage\":\"en-US\",\"potentialAction\":[{\"@type\":\"ReadAction\",\"target\":[[\"http:\/\/csrio.usuarios.rdc.puc-rio.br\/en\/noticias\/csrio-seminar-ecosystems-based-actions-transition-sustainability\/\"]]}]},{\"@type\":\"BreadcrumbList\",\"@id\":\"http:\/\/csrio.usuarios.rdc.puc-rio.br\/en\/noticias\/csrio-seminar-ecosystems-based-actions-transition-sustainability\/#breadcrumb\",\"itemListElement\":[{\"@type\":\"ListItem\",\"position\":1,\"name\":\"Home\",\"item\":\"http:\/\/csrio.usuarios.rdc.puc-rio.br\/en\/\"},{\"@type\":\"ListItem\",\"position\":2,\"name\":\"CSRio Seminar: &#8220;Ecosystems-based actions and the transition to sustainability&#8221;\"}]},{\"@type\":\"WebSite\",\"@id\":\"http:\/\/csrio.usuarios.rdc.puc-rio.br\/en\/#website\",\"url\":\"http:\/\/csrio.usuarios.rdc.puc-rio.br\/en\/\",\"name\":\"CSRio\",\"description\":\"O CSRio \u00e9 um centro de pesquisa em conserva\u00e7\u00e3o da biodiversidade e sustentabilidade, com os objetivos de desenvolver pesquisa de base e aplicada em ci\u00eancia.\",\"publisher\":{\"@id\":\"http:\/\/csrio.usuarios.rdc.puc-rio.br\/en\/#organization\"},\"potentialAction\":[{\"@type\":\"SearchAction\",\"target\":{\"@type\":\"EntryPoint\",\"urlTemplate\":\"http:\/\/csrio.usuarios.rdc.puc-rio.br\/en\/?s={search_term_string}\"},\"query-input\":\"required name=search_term_string\"}],\"inLanguage\":\"en-US\"},{\"@type\":\"Organization\",\"@id\":\"http:\/\/csrio.usuarios.rdc.puc-rio.br\/en\/#organization\",\"name\":\"CSRio\",\"url\":\"http:\/\/csrio.usuarios.rdc.puc-rio.br\/en\/\",\"logo\":{\"@type\":\"ImageObject\",\"inLanguage\":\"en-US\",\"@id\":\"http:\/\/csrio.usuarios.rdc.puc-rio.br\/en\/#\/schema\/logo\/image\/\",\"url\":\"http:\/\/csrio.usuarios.rdc.puc-rio.br\/wp-content\/uploads\/2017\/03\/CSRio_Logo3.jpg\",\"contentUrl\":\"http:\/\/csrio.usuarios.rdc.puc-rio.br\/wp-content\/uploads\/2017\/03\/CSRio_Logo3.jpg\",\"width\":1600,\"height\":1200,\"caption\":\"CSRio\"},\"image\":{\"@id\":\"http:\/\/csrio.usuarios.rdc.puc-rio.br\/en\/#\/schema\/logo\/image\/\"}},{\"@type\":\"Person\",\"@id\":\"http:\/\/csrio.usuarios.rdc.puc-rio.br\/#\/schema\/person\/950153b3cdd667008df8275b54b1274e\",\"name\":\"Ana Castro\",\"url\":\"http:\/\/csrio.usuarios.rdc.puc-rio.br\/en\/author\/ana-castro\/\"}]}<\/script>\n<!-- \/ Yoast SEO plugin. -->","yoast_head_json":{"title":"CSRio Seminar: \"Ecosystems-based actions and the transition to sustainability\" | CSRio","description":"No Semin\u00e1rio CSRio que acontece no dia 04 de abril,\u00a0\u00a0Tha\u00eds Kasecker, Superintendente de Mudan\u00e7as Clim\u00e1ticas na Secretaria do Estado do Ambiente e","robots":{"index":"index","follow":"follow","max-snippet":"max-snippet:-1","max-image-preview":"max-image-preview:large","max-video-preview":"max-video-preview:-1"},"canonical":"http:\/\/csrio.usuarios.rdc.puc-rio.br\/en\/noticias\/csrio-seminar-ecosystems-based-actions-transition-sustainability\/","og_locale":"en_US","og_type":"article","og_title":"CSRio Seminar: \"Ecosystems-based actions and the transition to sustainability\" | CSRio","og_description":"No Semin\u00e1rio CSRio que acontece no dia 04 de abril,\u00a0\u00a0Tha\u00eds Kasecker, Superintendente de Mudan\u00e7as Clim\u00e1ticas na Secretaria do Estado do Ambiente e","og_url":"http:\/\/csrio.usuarios.rdc.puc-rio.br\/en\/noticias\/csrio-seminar-ecosystems-based-actions-transition-sustainability\/","og_site_name":"CSRio","article_published_time":"2019-03-26T20:55:35+00:00","og_image":[{"width":300,"height":300,"url":"http:\/\/csrio.usuarios.rdc.puc-rio.br\/wp-content\/uploads\/2019\/03\/quadrado-0404.png","type":"image\/png"}],"author":"Ana Castro","twitter_card":"summary_large_image","twitter_misc":{"Written by":"Ana Castro","Est. reading time":"3 minutes"},"schema":{"@context":"https:\/\/schema.org","@graph":[{"@type":"Article","@id":"http:\/\/csrio.usuarios.rdc.puc-rio.br\/en\/noticias\/csrio-seminar-ecosystems-based-actions-transition-sustainability\/#article","isPartOf":{"@id":"http:\/\/csrio.usuarios.rdc.puc-rio.br\/en\/noticias\/csrio-seminar-ecosystems-based-actions-transition-sustainability\/"},"author":{"name":"Ana Castro","@id":"http:\/\/csrio.usuarios.rdc.puc-rio.br\/#\/schema\/person\/950153b3cdd667008df8275b54b1274e"},"headline":"CSRio Seminar: &#8220;Ecosystems-based actions and the transition to sustainability&#8221;","datePublished":"2019-03-26T20:55:35+00:00","dateModified":"2019-03-26T20:55:35+00:00","mainEntityOfPage":{"@id":"http:\/\/csrio.usuarios.rdc.puc-rio.br\/en\/noticias\/csrio-seminar-ecosystems-based-actions-transition-sustainability\/"},"wordCount":596,"commentCount":0,"publisher":{"@id":"http:\/\/csrio.usuarios.rdc.puc-rio.br\/#organization"},"articleSection":["News"],"inLanguage":"en-US","potentialAction":[{"@type":"CommentAction","name":"Comment","target":["http:\/\/csrio.usuarios.rdc.puc-rio.br\/en\/noticias\/csrio-seminar-ecosystems-based-actions-transition-sustainability\/#respond"]}]},{"@type":"WebPage","@id":"http:\/\/csrio.usuarios.rdc.puc-rio.br\/en\/noticias\/csrio-seminar-ecosystems-based-actions-transition-sustainability\/","url":"http:\/\/csrio.usuarios.rdc.puc-rio.br\/en\/noticias\/csrio-seminar-ecosystems-based-actions-transition-sustainability\/","name":"CSRio Seminar: \"Ecosystems-based actions and the transition to sustainability\" | CSRio","isPartOf":{"@id":"http:\/\/csrio.usuarios.rdc.puc-rio.br\/en\/#website"},"datePublished":"2019-03-26T20:55:35+00:00","dateModified":"2019-03-26T20:55:35+00:00","description":"No Semin\u00e1rio CSRio que acontece no dia 04 de abril,\u00a0\u00a0Tha\u00eds Kasecker, Superintendente de Mudan\u00e7as Clim\u00e1ticas na Secretaria do Estado do Ambiente e","breadcrumb":{"@id":"http:\/\/csrio.usuarios.rdc.puc-rio.br\/en\/noticias\/csrio-seminar-ecosystems-based-actions-transition-sustainability\/#breadcrumb"},"inLanguage":"en-US","potentialAction":[{"@type":"ReadAction","target":[["http:\/\/csrio.usuarios.rdc.puc-rio.br\/en\/noticias\/csrio-seminar-ecosystems-based-actions-transition-sustainability\/"]]}]},{"@type":"BreadcrumbList","@id":"http:\/\/csrio.usuarios.rdc.puc-rio.br\/en\/noticias\/csrio-seminar-ecosystems-based-actions-transition-sustainability\/#breadcrumb","itemListElement":[{"@type":"ListItem","position":1,"name":"Home","item":"http:\/\/csrio.usuarios.rdc.puc-rio.br\/en\/"},{"@type":"ListItem","position":2,"name":"CSRio Seminar: &#8220;Ecosystems-based actions and the transition to sustainability&#8221;"}]},{"@type":"WebSite","@id":"http:\/\/csrio.usuarios.rdc.puc-rio.br\/en\/#website","url":"http:\/\/csrio.usuarios.rdc.puc-rio.br\/en\/","name":"CSRio","description":"O CSRio \u00e9 um centro de pesquisa em conserva\u00e7\u00e3o da biodiversidade e sustentabilidade, com os objetivos de desenvolver pesquisa de base e aplicada em ci\u00eancia.","publisher":{"@id":"http:\/\/csrio.usuarios.rdc.puc-rio.br\/en\/#organization"},"potentialAction":[{"@type":"SearchAction","target":{"@type":"EntryPoint","urlTemplate":"http:\/\/csrio.usuarios.rdc.puc-rio.br\/en\/?s={search_term_string}"},"query-input":"required name=search_term_string"}],"inLanguage":"en-US"},{"@type":"Organization","@id":"http:\/\/csrio.usuarios.rdc.puc-rio.br\/en\/#organization","name":"CSRio","url":"http:\/\/csrio.usuarios.rdc.puc-rio.br\/en\/","logo":{"@type":"ImageObject","inLanguage":"en-US","@id":"http:\/\/csrio.usuarios.rdc.puc-rio.br\/en\/#\/schema\/logo\/image\/","url":"http:\/\/csrio.usuarios.rdc.puc-rio.br\/wp-content\/uploads\/2017\/03\/CSRio_Logo3.jpg","contentUrl":"http:\/\/csrio.usuarios.rdc.puc-rio.br\/wp-content\/uploads\/2017\/03\/CSRio_Logo3.jpg","width":1600,"height":1200,"caption":"CSRio"},"image":{"@id":"http:\/\/csrio.usuarios.rdc.puc-rio.br\/en\/#\/schema\/logo\/image\/"}},{"@type":"Person","@id":"http:\/\/csrio.usuarios.rdc.puc-rio.br\/#\/schema\/person\/950153b3cdd667008df8275b54b1274e","name":"Ana Castro","url":"http:\/\/csrio.usuarios.rdc.puc-rio.br\/en\/author\/ana-castro\/"}]}},"_links":{"self":[{"href":"http:\/\/csrio.usuarios.rdc.puc-rio.br\/en\/wp-json\/wp\/v2\/posts\/3033"}],"collection":[{"href":"http:\/\/csrio.usuarios.rdc.puc-rio.br\/en\/wp-json\/wp\/v2\/posts"}],"about":[{"href":"http:\/\/csrio.usuarios.rdc.puc-rio.br\/en\/wp-json\/wp\/v2\/types\/post"}],"author":[{"embeddable":true,"href":"http:\/\/csrio.usuarios.rdc.puc-rio.br\/en\/wp-json\/wp\/v2\/users\/10"}],"replies":[{"embeddable":true,"href":"http:\/\/csrio.usuarios.rdc.puc-rio.br\/en\/wp-json\/wp\/v2\/comments?post=3033"}],"version-history":[{"count":1,"href":"http:\/\/csrio.usuarios.rdc.puc-rio.br\/en\/wp-json\/wp\/v2\/posts\/3033\/revisions"}],"predecessor-version":[{"id":3035,"href":"http:\/\/csrio.usuarios.rdc.puc-rio.br\/en\/wp-json\/wp\/v2\/posts\/3033\/revisions\/3035"}],"wp:featuredmedia":[{"embeddable":true,"href":"http:\/\/csrio.usuarios.rdc.puc-rio.br\/en\/wp-json\/wp\/v2\/media\/3034"}],"wp:attachment":[{"href":"http:\/\/csrio.usuarios.rdc.puc-rio.br\/en\/wp-json\/wp\/v2\/media?parent=3033"}],"wp:term":[{"taxonomy":"category","embeddable":true,"href":"http:\/\/csrio.usuarios.rdc.puc-rio.br\/en\/wp-json\/wp\/v2\/categories?post=3033"},{"taxonomy":"post_tag","embeddable":true,"href":"http:\/\/csrio.usuarios.rdc.puc-rio.br\/en\/wp-json\/wp\/v2\/tags?post=3033"}],"curies":[{"name":"wp","href":"https:\/\/api.w.org\/{rel}","templated":true}]}}